{"id":4172,"date":"2024-08-23T08:54:50","date_gmt":"2024-08-23T07:54:50","guid":{"rendered":"https:\/\/www.factnest.net\/es\/?p=4172"},"modified":"2024-08-23T08:54:53","modified_gmt":"2024-08-23T07:54:53","slug":"el-padre-que-desafio-el-tiempo-y-la-justicia-para-hacer-justicia-a-su-hija","status":"publish","type":"post","link":"https:\/\/www.factnest.net\/es\/el-padre-que-desafio-el-tiempo-y-la-justicia-para-hacer-justicia-a-su-hija\/","title":{"rendered":"El padre que desafi\u00f3 el tiempo y la justicia para hacer justicia a su hija"},"content":{"rendered":"\n<p><strong>Una historia real ocurri\u00f3 en Francia en 2011 y algunos la consideran un material rico para cualquier escritor que intente retratarla en una novela o en la pantalla de cine. Es la historia de un padre afligido cuya hija fue asesinada, y aunque su asesino fue condenado, permaneci\u00f3 libre en su pa\u00eds de origen que se neg\u00f3 a extraditarlo. El padre, despu\u00e9s de m\u00e1s de 30 a\u00f1os desde el crimen, decidi\u00f3 secuestrar al asesino de su hija y llevarlo al pa\u00eds donde fue condenado por asesinato, entreg\u00e1ndolo a las autoridades para que fuera juzgado nuevamente y para obtener justicia, incluso despu\u00e9s de tantos a\u00f1os.<\/strong><\/p>\n\n\n\n<p>La historia comenz\u00f3 en el verano de 1982 con la visita de la joven adolescente \u00abKalinka Bamberski\u00bb a Alemania para pasar las vacaciones de verano con su madre \u00abDani\u00e8le\u00bb y el amigo alem\u00e1n de su madre, el doctor \u00abDieter Krombach\u00bb, en su casa cerca del lago de Constanza. Kalinka viv\u00eda en Francia con su padre \u00abAndr\u00e9 Bamberski\u00bb y su hermano menor. La ma\u00f1ana del 10 de julio, fue encontrada muerta en su cama. \u00abKrombach\u00bb, que contact\u00f3 con los servicios de emergencia, declar\u00f3 que le hab\u00eda inyectado un compuesto que conten\u00eda hierro para ayudarla a broncearse m\u00e1s r\u00e1pido y parece que muri\u00f3 inmediatamente debido a una anemia.<\/p>\n\n\n\n<p>Las investigaciones comenzaron y, debido a la insuficiencia de pruebas, la polic\u00eda alemana no present\u00f3 cargos contra el asesino de su hija, \u00abDieter Krombach\u00bb. Sin embargo, despu\u00e9s de revisar el informe de la autopsia, el padre afligido se convenci\u00f3 de que esta persona hab\u00eda administrado a su hija la inyecci\u00f3n para hacerla perder el conocimiento y as\u00ed poder violarla.<\/p>\n\n\n\n<p>Como resultado, el padre afligido present\u00f3 una demanda en Francia acusando a esta persona de haber matado a su hija. Se llevaron a cabo sesiones de juicio y terminaron en 1995 con la condena de \u00abKrombach\u00bb por \u00abviolencia deliberada que result\u00f3 en una muerte no intencionada\u00bb y su condena en ausencia a 15 a\u00f1os de prisi\u00f3n. El caso fue remitido al Tribunal Europeo de Derechos Humanos, que declar\u00f3 que el tribunal franc\u00e9s hab\u00eda cometido un error al llevar a cabo un juicio en ausencia del acusado. Sin embargo, las autoridades alemanas se negaron a extraditarlo a Francia, argumentando que ya hab\u00eda sido investigado en este caso y hab\u00eda sido absuelto de cualquier delito.<\/p>\n\n\n<div class=\"wp-block-image\">\n<figure class=\"aligncenter size-full\"><img loading=\"lazy\" decoding=\"async\" width=\"600\" height=\"326\" src=\"https:\/\/www.factnest.net\/es\/wp-content\/uploads\/2024\/08\/image-68.png\" alt=\"El padre que desafi\u00f3 el tiempo y la justicia para hacer justicia a su hija\" class=\"wp-image-4173\" srcset=\"https:\/\/www.factnest.net\/es\/wp-content\/uploads\/2024\/08\/image-68.png 600w, https:\/\/www.factnest.net\/es\/wp-content\/uploads\/2024\/08\/image-68-300x163.png 300w\" sizes=\"auto, (max-width: 600px) 100vw, 600px\" \/><figcaption class=\"wp-element-caption\">Dieter Krombach y Andr\u00e9 Bamberski<\/figcaption><\/figure>\n<\/div>\n\n\n<p>El caso parec\u00eda terminar as\u00ed, habiendo llegado a un callej\u00f3n sin salida, pero parece que el padre ten\u00eda otra opini\u00f3n, especialmente porque \u00abKrombach\u00bb admiti\u00f3 que era culpable ante un tribunal alem\u00e1n por drogar y violar a una ni\u00f1a de 16 a\u00f1os en su oficina, condenado a dos a\u00f1os de prisi\u00f3n con suspensi\u00f3n de la pena y se le prohibi\u00f3 ejercer la profesi\u00f3n, lo que confirmaba a\u00fan m\u00e1s las sospechas del padre. Un d\u00eda de 2009, mientras \u00abDieter Krombach\u00bb sal\u00eda de su casa en Alemania, fue atacado por dos desconocidos, secuestrado, atado y llevado a trav\u00e9s de la frontera hacia Francia, donde fue dejado colgado y amordazado, sangrando frente al tribunal de Mulhouse, en el este de Francia. Fue arrestado inmediatamente y encarcelado. Alemania solicit\u00f3 su regreso, pero Par\u00eds rechaz\u00f3 esta solicitud alegando que estaba condenado en un caso en curso.<\/p>\n\n\n\n<p>Despu\u00e9s de la reapertura del caso y la reanudaci\u00f3n de las investigaciones, el asesino de su hija \u00abKrombach\u00bb fue juzgado nuevamente en 2011. \u00abAndr\u00e9 Bamberski\u00bb admiti\u00f3 que conoc\u00eda el plan para secuestrarlo de Alemania, pero neg\u00f3 haber planeado o participado en esta operaci\u00f3n. La primera sesi\u00f3n de su juicio estuvo llena de debates legales por parte de los abogados de \u00abKrombach\u00bb sobre si el tribunal franc\u00e9s ten\u00eda derecho a juzgarlo. Solicitaron la suspensi\u00f3n de la sesi\u00f3n y el env\u00edo del caso al Tribunal de Justicia de la Uni\u00f3n Europea para decidir sobre la validez de los procedimientos. La disputa se traslad\u00f3 fuera de la sala del tribunal, los abogados de \u00abKrombach\u00bb afirmando que hab\u00eda sido absuelto en su pa\u00eds por falta de pruebas suficientes, pregunt\u00e1ndose c\u00f3mo pod\u00eda ser condenado en Francia, mientras que los abogados de \u00abBamberski\u00bb respondieron que ahora se encontraba en Francia, donde era considerado culpable, y que por lo tanto deb\u00eda ser juzgado.<\/p>\n\n\n\n<p>El juicio termin\u00f3 con la confirmaci\u00f3n de la condena de \u00abKrombach\u00bb, quien cumpli\u00f3 parte de su condena en la prisi\u00f3n de Melun hasta su liberaci\u00f3n en 2020 por razones de salud. El padre fue juzgado simb\u00f3licamente y condenado a un a\u00f1o de prisi\u00f3n con suspensi\u00f3n de la pena por el secuestro de \u00abKrombach\u00bb.<\/p>\n","protected":false},"excerpt":{"rendered":"<p>Una historia real ocurri\u00f3 en Francia en 2011 y algunos la consideran un material rico&#8230;<\/p>\n","protected":false},"author":1,"featured_media":4174,"comment_status":"open","ping_status":"open","sticky":false,"template":"","format":"standard","meta":{"_daextam_enable_autolinks":"","ngg_post_thumbnail":0,"footnotes":""},"categories":[45],"tags":[],"class_list":["post-4172","post","type-post","status-publish","format-standard","has-post-thumbnail","hentry","category-curiosidades"],"_links":{"self":[{"href":"https:\/\/www.factnest.net\/es\/wp-json\/wp\/v2\/posts\/4172","targetHints":{"allow":["GET"]}}],"collection":[{"href":"https:\/\/www.factnest.net\/es\/wp-json\/wp\/v2\/posts"}],"about":[{"href":"https:\/\/www.factnest.net\/es\/wp-json\/wp\/v2\/types\/post"}],"author":[{"embeddable":true,"href":"https:\/\/www.factnest.net\/es\/wp-json\/wp\/v2\/users\/1"}],"replies":[{"embeddable":true,"href":"https:\/\/www.factnest.net\/es\/wp-json\/wp\/v2\/comments?post=4172"}],"version-history":[{"count":1,"href":"https:\/\/www.factnest.net\/es\/wp-json\/wp\/v2\/posts\/4172\/revisions"}],"predecessor-version":[{"id":4175,"href":"https:\/\/www.factnest.net\/es\/wp-json\/wp\/v2\/posts\/4172\/revisions\/4175"}],"wp:featuredmedia":[{"embeddable":true,"href":"https:\/\/www.factnest.net\/es\/wp-json\/wp\/v2\/media\/4174"}],"wp:attachment":[{"href":"https:\/\/www.factnest.net\/es\/wp-json\/wp\/v2\/media?parent=4172"}],"wp:term":[{"taxonomy":"category","embeddable":true,"href":"https:\/\/www.factnest.net\/es\/wp-json\/wp\/v2\/categories?post=4172"},{"taxonomy":"post_tag","embeddable":true,"href":"https:\/\/www.factnest.net\/es\/wp-json\/wp\/v2\/tags?post=4172"}],"curies":[{"name":"wp","href":"https:\/\/api.w.org\/{rel}","templated":true}]}}