{"id":5729,"date":"2024-08-30T06:45:10","date_gmt":"2024-08-30T05:45:10","guid":{"rendered":"https:\/\/www.factnest.net\/es\/?p=5729"},"modified":"2024-08-30T06:45:12","modified_gmt":"2024-08-30T05:45:12","slug":"sindrome-de-paris-cuando-la-ciudad-de-la-luz-no-brilla","status":"publish","type":"post","link":"https:\/\/www.factnest.net\/es\/sindrome-de-paris-cuando-la-ciudad-de-la-luz-no-brilla\/","title":{"rendered":"S\u00edndrome de Par\u00eds: Cuando la Ciudad de la Luz No Brilla"},"content":{"rendered":"\n<p><strong>Par\u00eds, la Ciudad de la Luz, famosa por su belleza, moda y monumentos emblem\u00e1ticos como la Torre Eiffel, el Arco de Triunfo, la Catedral de Notre-Dame y el Museo del Louvre, uno de los museos m\u00e1s visitados del mundo. A pesar de su fama global y la riqueza de sus atracciones culturales y tur\u00edsticas que atraen cada a\u00f1o a millones de visitantes, un peque\u00f1o n\u00famero de turistas experimenta una condici\u00f3n psicol\u00f3gica particular conocida como el S\u00edndrome de Par\u00eds. Este s\u00edndrome se manifiesta con s\u00edntomas como n\u00e1useas, v\u00f3mitos, alucinaciones y un aumento en la frecuencia card\u00edaca al visitar esta c\u00e9lebre ciudad.<\/strong><\/p>\n\n\n\n<p>El t\u00e9rmino \u00abS\u00edndrome de Par\u00eds\u00bb fue utilizado por primera vez por el psiquiatra franco-japon\u00e9s Hiroaki Ota en 1986 para describir este trastorno psicol\u00f3gico transitorio. Aunque no est\u00e1 incluido en el Manual Diagn\u00f3stico y Estad\u00edstico de los Trastornos Mentales (DSM), es reconocido por muchos expertos como un fen\u00f3meno real, aunque raro. Se cree que es m\u00e1s com\u00fan entre los turistas japoneses, quienes a menudo se encuentran inmersos en una cultura y creencias muy diferentes a las suyas, combinadas con expectativas rom\u00e1nticas influenciadas por el cine. Esta divergencia entre las expectativas y la realidad se considera una forma extrema de choque cultural o nostalgia. Algunos psic\u00f3logos lo explican como una p\u00e9rdida de sentido cuando las personas pasan de una realidad simb\u00f3lica a una completamente diferente. En t\u00e9rminos m\u00e1s simples, es una profunda confusi\u00f3n que se siente cuando se est\u00e1 rodeado de s\u00edmbolos, se\u00f1ales y marcas diferentes a los que uno est\u00e1 acostumbrado en su vida diaria. En casos graves, este choque puede provocar confusi\u00f3n, depresi\u00f3n, irritabilidad, sudoraci\u00f3n y enfermedad f\u00edsica.<\/p>\n\n\n<div class=\"wp-block-image\">\n<figure class=\"aligncenter size-full\"><img loading=\"lazy\" decoding=\"async\" width=\"600\" height=\"334\" src=\"https:\/\/www.factnest.net\/es\/wp-content\/uploads\/2024\/08\/image-1146.png\" alt=\"S\u00edndrome de Par\u00eds: Cuando la Ciudad de la Luz No Brilla\" class=\"wp-image-5731\" srcset=\"https:\/\/www.factnest.net\/es\/wp-content\/uploads\/2024\/08\/image-1146.png 600w, https:\/\/www.factnest.net\/es\/wp-content\/uploads\/2024\/08\/image-1146-300x167.png 300w\" sizes=\"auto, (max-width: 600px) 100vw, 600px\" \/><\/figure>\n<\/div>\n\n\n<p>Los s\u00edntomas asociados al choque cultural son similares a los de las personas que sufren de ansiedad. Los m\u00e9dicos explican que cuando alguien est\u00e1 ansioso, el cerebro env\u00eda se\u00f1ales relacionadas con la respuesta de lucha o huida al est\u00f3mago, afectando la digesti\u00f3n y causando n\u00e1useas. En casos de ansiedad severa, como ocurre con el choque cultural, esto puede evolucionar hacia v\u00f3mitos, confusi\u00f3n y otras reacciones f\u00edsicas. Aunque todo el mundo experimenta cierto grado de choque cultural al visitar un lugar nuevo, la sensaci\u00f3n puede ser m\u00e1s marcada y v\u00edvida, especialmente cuando se mezcla con una cultura diferente, lo cual est\u00e1 relacionado con el \u00abS\u00edndrome de Par\u00eds\u00bb debido a las diferencias entre la cultura japonesa y la realidad de Par\u00eds.<\/p>\n\n\n<div class=\"wp-block-image\">\n<figure class=\"aligncenter size-full\"><img loading=\"lazy\" decoding=\"async\" width=\"600\" height=\"350\" src=\"https:\/\/www.factnest.net\/es\/wp-content\/uploads\/2024\/08\/image-1148.png\" alt=\"S\u00edndrome de Par\u00eds: Cuando la Ciudad de la Luz No Brilla\" class=\"wp-image-5733\" srcset=\"https:\/\/www.factnest.net\/es\/wp-content\/uploads\/2024\/08\/image-1148.png 600w, https:\/\/www.factnest.net\/es\/wp-content\/uploads\/2024\/08\/image-1148-300x175.png 300w\" sizes=\"auto, (max-width: 600px) 100vw, 600px\" \/><\/figure>\n<\/div>\n\n\n<p>Los expertos atribuyen el \u00abS\u00edndrome de Par\u00eds\u00bb a cuatro factores principales: en primer lugar, la barrera del idioma entre la mayor\u00eda de los visitantes japoneses y sus anfitriones franceses. En segundo lugar, las diferencias en los estilos de comunicaci\u00f3n, que pueden ser extremadamente frustrantes y provocar cambios de humor y malentendidos. En tercer lugar, el agotamiento f\u00edsico que acompa\u00f1a a los viajeros, ya sea por negocios o por placer, a menudo debido a un horario cargado, lo que causa fatiga. Finalmente, los retrasos en los vuelos contribuyen al estr\u00e9s.<\/p>\n\n\n\n<p>Las personas que sufren del \u00abS\u00edndrome de Par\u00eds\u00bb pueden sentirse justificadas en su shock al enfrentar una realidad divergente de sus expectativas. Un estudio realizado en 2014 clasific\u00f3 a Par\u00eds como la cuarta ciudad menos amigable del mundo, mientras que una encuesta de CEOWORLD en 2020 la calific\u00f3 como la ciudad m\u00e1s grosera de Europa. Adem\u00e1s, una encuesta realizada en 2021 por InterNations, una organizaci\u00f3n dedicada a ayudar a las personas a reubicarse, identific\u00f3 a Par\u00eds como la tercera ciudad menos amigable para los expatriados en Europa. Esto contrasta fuertemente con la representaci\u00f3n de la ciudad en el cine y los medios de comunicaci\u00f3n, lo que lleva a un choque entre los visitantes japoneses, que provienen de una cultura muy organizada y educada, y lo que perciben como rudeza por parte de los parisinos y incluso de los franceses que no son de Par\u00eds, una situaci\u00f3n rara en la cultura japonesa.<\/p>\n\n\n<div class=\"wp-block-image\">\n<figure class=\"aligncenter size-full\"><img loading=\"lazy\" decoding=\"async\" width=\"600\" height=\"371\" src=\"https:\/\/www.factnest.net\/es\/wp-content\/uploads\/2024\/08\/image-1150.png\" alt=\"S\u00edndrome de Par\u00eds: Cuando la Ciudad de la Luz No Brilla\" class=\"wp-image-5735\" srcset=\"https:\/\/www.factnest.net\/es\/wp-content\/uploads\/2024\/08\/image-1150.png 600w, https:\/\/www.factnest.net\/es\/wp-content\/uploads\/2024\/08\/image-1150-300x186.png 300w\" sizes=\"auto, (max-width: 600px) 100vw, 600px\" \/><\/figure>\n<\/div>\n\n\n<p>Muchos se preguntan si el \u00abS\u00edndrome de Par\u00eds\u00bb podr\u00eda afectar a los visitantes de otras ciudades hist\u00f3ricas, como Viena, Nueva York o Pek\u00edn. Los expertos afirman que es posible, ya que este s\u00edndrome no es exclusivo de la capital francesa. Es un fen\u00f3meno psicol\u00f3gico complejo relacionado con la decepci\u00f3n y el des\u00e1nimo cuando la realidad no coincide con las expectativas rom\u00e1nticas. Sin embargo, Par\u00eds ocupa un lugar espec\u00edfico en este fen\u00f3meno porque a menudo se la presenta como un faro de gusto, sofisticaci\u00f3n y cultura, lo que crea expectativas altas que pueden ser devastadoras cuando la realidad es diferente. Tambi\u00e9n podr\u00eda ser un \u00abfen\u00f3meno generacional\u00bb, ya que las generaciones j\u00f3venes, que tienden a viajar m\u00e1s, podr\u00edan ser m\u00e1s propensas a experimentarlo. Los expertos confirman que nadie est\u00e1 inmunizado contra el choque cultural, sin importar su edad o experiencia de viaje, y es posible experimentar este s\u00edndrome incluso en lugares previamente visitados.<\/p>\n","protected":false},"excerpt":{"rendered":"<p>Par\u00eds, la Ciudad de la Luz, famosa por su belleza, moda y monumentos emblem\u00e1ticos como&#8230;<\/p>\n","protected":false},"author":1,"featured_media":5736,"comment_status":"open","ping_status":"open","sticky":false,"template":"","format":"standard","meta":{"_daextam_enable_autolinks":"1","ngg_post_thumbnail":0,"footnotes":""},"categories":[51,3],"tags":[],"class_list":["post-5729","post","type-post","status-publish","format-standard","has-post-thumbnail","hentry","category-ciencia-y-tecnologia","category-salud"],"_links":{"self":[{"href":"https:\/\/www.factnest.net\/es\/wp-json\/wp\/v2\/posts\/5729","targetHints":{"allow":["GET"]}}],"collection":[{"href":"https:\/\/www.factnest.net\/es\/wp-json\/wp\/v2\/posts"}],"about":[{"href":"https:\/\/www.factnest.net\/es\/wp-json\/wp\/v2\/types\/post"}],"author":[{"embeddable":true,"href":"https:\/\/www.factnest.net\/es\/wp-json\/wp\/v2\/users\/1"}],"replies":[{"embeddable":true,"href":"https:\/\/www.factnest.net\/es\/wp-json\/wp\/v2\/comments?post=5729"}],"version-history":[{"count":1,"href":"https:\/\/www.factnest.net\/es\/wp-json\/wp\/v2\/posts\/5729\/revisions"}],"predecessor-version":[{"id":5737,"href":"https:\/\/www.factnest.net\/es\/wp-json\/wp\/v2\/posts\/5729\/revisions\/5737"}],"wp:featuredmedia":[{"embeddable":true,"href":"https:\/\/www.factnest.net\/es\/wp-json\/wp\/v2\/media\/5736"}],"wp:attachment":[{"href":"https:\/\/www.factnest.net\/es\/wp-json\/wp\/v2\/media?parent=5729"}],"wp:term":[{"taxonomy":"category","embeddable":true,"href":"https:\/\/www.factnest.net\/es\/wp-json\/wp\/v2\/categories?post=5729"},{"taxonomy":"post_tag","embeddable":true,"href":"https:\/\/www.factnest.net\/es\/wp-json\/wp\/v2\/tags?post=5729"}],"curies":[{"name":"wp","href":"https:\/\/api.w.org\/{rel}","templated":true}]}}