{"id":4506,"date":"2024-08-24T12:37:16","date_gmt":"2024-08-24T11:37:16","guid":{"rendered":"https:\/\/www.factnest.net\/fr\/?p=4506"},"modified":"2024-08-24T12:37:18","modified_gmt":"2024-08-24T11:37:18","slug":"adolf-hitler-1889-1945","status":"publish","type":"post","link":"https:\/\/www.factnest.net\/fr\/adolf-hitler-1889-1945\/","title":{"rendered":"Adolf Hitler ( 1889 &#8211; 1945 )"},"content":{"rendered":"\n<p><strong>Adolf Hitler reste l&rsquo;une des figures les plus significatives de l&rsquo;histoire, ayant profond\u00e9ment modifi\u00e9 le cours des \u00e9v\u00e9nements mondiaux. Ses politiques ont conduit au d\u00e9clenchement de l&rsquo;une des guerres les plus brutales de l&rsquo;histoire, entra\u00eenant la mort, les blessures et le d\u00e9placement de millions de personnes, que ce soit pendant les combats ou dans les camps d&rsquo;extermination construits sur une id\u00e9ologie raciale. L&rsquo;engagement d&rsquo;Hitler en faveur de la supr\u00e9matie aryenne et de la puret\u00e9 de la race aryenne sur les autres peuples a fait de lui la figure centrale de nombreux livres, documentaires et programmes t\u00e9l\u00e9vis\u00e9s.<\/strong><\/p>\n\n\n<div class=\"wp-block-image\">\n<figure class=\"aligncenter size-full\"><img loading=\"lazy\" decoding=\"async\" width=\"600\" height=\"337\" src=\"https:\/\/www.factnest.net\/fr\/wp-content\/uploads\/2024\/08\/image-265.png\" alt=\"Adolf Hitler : Le Leader Controvers\u00e9 Qui a Chang\u00e9 le Cours de l\u2019Histoire\" class=\"wp-image-4507\" srcset=\"https:\/\/www.factnest.net\/fr\/wp-content\/uploads\/2024\/08\/image-265.png 600w, https:\/\/www.factnest.net\/fr\/wp-content\/uploads\/2024\/08\/image-265-300x169.png 300w\" sizes=\"auto, (max-width: 600px) 100vw, 600px\" \/><\/figure>\n<\/div>\n\n\n<p><strong>Jeunesse<\/strong><\/p>\n\n\n\n<p>N\u00e9 le 20 avril 1889 \u00e0 Braunau am Inn, en Autriche, Adolf Hitler \u00e9tait le quatri\u00e8me de six enfants dans une famille dirig\u00e9e par son p\u00e8re, Alois Hitler, et sa m\u00e8re, Klara P\u00f6lzl. Durant son enfance, il s&rsquo;opposait souvent \u00e0 son p\u00e8re, \u00e9motionnellement s\u00e9v\u00e8re, qui d\u00e9sapprouvait la passion de son fils pour l&rsquo;art et son refus de suivre une carri\u00e8re dans les beaux-arts. Hitler montrait un int\u00e9r\u00eat pr\u00e9coce pour le nationalisme allemand, qui deviendrait la force motrice derri\u00e8re son leadership ult\u00e9rieur. En 1903, son p\u00e8re meurt, et deux ans plus tard, sa m\u00e8re lui permet de quitter l&rsquo;\u00e9cole. Apr\u00e8s la mort de sa m\u00e8re en 1907, le jeune Hitler d\u00e9m\u00e9nage \u00e0 Vienne pour travailler comme peintre en aquarelle. Il postule deux fois \u00e0 l&rsquo;Acad\u00e9mie des beaux-arts mais est rejet\u00e9 \u00e0 chaque fois. Avec peu d&rsquo;argent, il vit dans des foyers pour sans-abri et affirmera plus tard que ces ann\u00e9es ont favoris\u00e9 ses vues anti-s\u00e9mites. En 1903, il d\u00e9m\u00e9nage \u00e0 Munich, et avec le d\u00e9clenchement de la Premi\u00e8re Guerre mondiale, il se porte volontaire pour l&rsquo;arm\u00e9e allemande et est accept\u00e9 en ao\u00fbt 1914, malgr\u00e9 le fait qu&rsquo;il soit encore citoyen autrichien.<\/p>\n\n\n<div class=\"wp-block-image\">\n<figure class=\"aligncenter size-full\"><img loading=\"lazy\" decoding=\"async\" width=\"600\" height=\"350\" src=\"https:\/\/www.factnest.net\/fr\/wp-content\/uploads\/2024\/08\/image-266.png\" alt=\"Adolf Hitler : Le Leader Controvers\u00e9 Qui a Chang\u00e9 le Cours de l\u2019Histoire\" class=\"wp-image-4508\" srcset=\"https:\/\/www.factnest.net\/fr\/wp-content\/uploads\/2024\/08\/image-266.png 600w, https:\/\/www.factnest.net\/fr\/wp-content\/uploads\/2024\/08\/image-266-300x175.png 300w\" sizes=\"auto, (max-width: 600px) 100vw, 600px\" \/><\/figure>\n<\/div>\n\n\n<p>Bien qu&rsquo;Hitler ait pass\u00e9 la majeure partie de son temps loin des lignes de front, il a \u00e9t\u00e9 pr\u00e9sent lors de plusieurs batailles importantes et a \u00e9t\u00e9 bless\u00e9 lors de la bataille de la Somme. Il a \u00e9t\u00e9 d\u00e9cor\u00e9 pour son courage, recevant la Croix de fer de premi\u00e8re classe et le Badge de bless\u00e9 noir. La guerre a consid\u00e9rablement renforc\u00e9 son sentiment de nationalisme allemand, mais il a \u00e9t\u00e9 choqu\u00e9 par la reddition de l&rsquo;Allemagne en 1918. Comme beaucoup de nationalistes, il croyait que l&rsquo;arm\u00e9e allemande avait \u00e9t\u00e9 trahie par les dirigeants civils et les marxistes. Il trouvait le Trait\u00e9 de Versailles humiliant, en particulier ses conditions de d\u00e9sarmement de la Rh\u00e9nanie et la responsabilit\u00e9 que l&rsquo;Allemagne avait pour la guerre.<\/p>\n\n\n<div class=\"wp-block-image\">\n<figure class=\"aligncenter size-full\"><img loading=\"lazy\" decoding=\"async\" width=\"600\" height=\"297\" src=\"https:\/\/www.factnest.net\/fr\/wp-content\/uploads\/2024\/08\/image-267.png\" alt=\"Adolf Hitler : Le Leader Controvers\u00e9 Qui a Chang\u00e9 le Cours de l\u2019Histoire\" class=\"wp-image-4509\" srcset=\"https:\/\/www.factnest.net\/fr\/wp-content\/uploads\/2024\/08\/image-267.png 600w, https:\/\/www.factnest.net\/fr\/wp-content\/uploads\/2024\/08\/image-267-300x149.png 300w\" sizes=\"auto, (max-width: 600px) 100vw, 600px\" \/><\/figure>\n<\/div>\n\n\n<p><strong>Ascension avec le Parti Nazi<\/strong><\/p>\n\n\n\n<p>Apr\u00e8s la Premi\u00e8re Guerre mondiale, Hitler est retourn\u00e9 \u00e0 Munich et a continu\u00e9 \u00e0 travailler avec l&rsquo;arm\u00e9e allemande en tant qu&rsquo;officier du renseignement, o\u00f9 il a surveill\u00e9 les activit\u00e9s du Parti des travailleurs allemands (DAP), qui \u00e0 l&rsquo;\u00e9poque professait de nombreuses id\u00e9es anti-s\u00e9mites et anti-marxistes sous son fondateur Anton Drexler. En septembre 1919, Hitler rejoint le DAP, qui change plus tard son nom en Parti national-socialiste des travailleurs allemands (Parti nazi). Hitler a con\u00e7u l&#8217;embl\u00e8me du parti, avec une swastika dans un cercle blanc sur fond rouge. Il a rapidement acquis de la notori\u00e9t\u00e9 pour ses discours enflamm\u00e9s contre le Trait\u00e9 de Versailles, les politiciens rivaux, les marxistes et les juifs. En 1921, Hitler remplace Drexler en tant que dirigeant du parti. Ses discours passionn\u00e9s ont commenc\u00e9 \u00e0 attirer de grandes foules, y compris des premiers partisans comme le capitaine Ernst R\u00f6hm, chef des SA, une branche paramilitaire du parti responsable de la protection des r\u00e9unions et des attaques contre les opposants politiques.<\/p>\n\n\n<div class=\"wp-block-image\">\n<figure class=\"aligncenter size-full\"><img loading=\"lazy\" decoding=\"async\" width=\"600\" height=\"437\" src=\"https:\/\/www.factnest.net\/fr\/wp-content\/uploads\/2024\/08\/image-268.png\" alt=\"Adolf Hitler : Le Leader Controvers\u00e9 Qui a Chang\u00e9 le Cours de l\u2019Histoire\" class=\"wp-image-4510\" srcset=\"https:\/\/www.factnest.net\/fr\/wp-content\/uploads\/2024\/08\/image-268.png 600w, https:\/\/www.factnest.net\/fr\/wp-content\/uploads\/2024\/08\/image-268-300x219.png 300w\" sizes=\"auto, (max-width: 600px) 100vw, 600px\" \/><\/figure>\n<\/div>\n\n\n<p>Le 8 novembre 1923, Hitler et ses partisans arm\u00e9s ont pris d&rsquo;assaut une r\u00e9union publique \u00e0 Munich o\u00f9 le Premier ministre bavarois Gustav von Kahr \u00e9tait pr\u00e9sent. Il annon\u00e7a le d\u00e9but d&rsquo;une r\u00e9volution nationale et la formation d&rsquo;un nouveau gouvernement. Apr\u00e8s une br\u00e8ve lutte ayant entra\u00een\u00e9 plusieurs morts, le coup d&rsquo;\u00c9tat, connu sous le nom de Putsch de la Brasserie, \u00e9choua. Hitler fut arr\u00eat\u00e9 et jug\u00e9 pour trahison, recevant une peine de prison de neuf mois pendant laquelle il \u00e9crivit son autobiographie et ses id\u00e9es dans \u00ab\u00a0Mein Kampf\u00a0\u00bb. Le premier volume fut publi\u00e9 en 1925, et le second en 1927. Malgr\u00e9 ses d\u00e9fauts logiques et grammaticaux, de nombreux Allemands furent attir\u00e9s par le livre, particuli\u00e8rement apr\u00e8s avoir \u00e9t\u00e9 injustement trait\u00e9s par leur d\u00e9faite lors de la Premi\u00e8re Guerre mondiale.<\/p>\n\n\n\n<p><strong>Ascension au Pouvoir<\/strong><\/p>\n\n\n\n<p>Le ch\u00f4mage g\u00e9n\u00e9ralis\u00e9 caus\u00e9 par la Grande D\u00e9pression offrit une opportunit\u00e9 politique en or \u00e0 Hitler. Le rejet des Allemands pour la r\u00e9publique parlementaire les rendait de plus en plus ouverts \u00e0 des options extr\u00e9mistes. En 1932, Hitler se pr\u00e9sente aux \u00e9lections pr\u00e9sidentielles contre Paul von Hindenburg, \u00e2g\u00e9 de 84 ans, arrivant second lors des deux tours de vote mais obtenant plus de 36 % des voix finales. Les r\u00e9sultats montr\u00e8rent qu&rsquo;Hitler \u00e9tait devenu une force significative dans la politique allemande, contraignant Hindenburg \u00e0 le nommer Chancelier pour stabiliser l&rsquo;\u00e9quilibre politique. Hitler utilisa sa position pour \u00e9tablir une dictature de facto, notamment apr\u00e8s avoir \u00e9mis un d\u00e9cret suite \u00e0 l&rsquo;incendie du Reichstag, suspendant les droits fondamentaux et autorisant la d\u00e9tention sans proc\u00e8s. Il concevra \u00e9galement la Loi des Pleins Pouvoirs, accordant \u00e0 son gouvernement des pouvoirs l\u00e9gislatifs complets pendant quatre ans et permettant les d\u00e9viations de la constitution. Avec ses alli\u00e9s politiques, Hitler obtint un contr\u00f4le total sur les branches l\u00e9gislatives et ex\u00e9cutives du gouvernement tout en supprimant syst\u00e9matiquement l&rsquo;opposition politique restante. Fin juin, d&rsquo;autres partis furent intimid\u00e9s en soumission, et le 14 juillet 1933, le Parti nazi fut d\u00e9clar\u00e9 le seul parti politique l\u00e9gal en Allemagne. En octobre de cette ann\u00e9e, Hitler ordonna le retrait de l&rsquo;Allemagne de la Soci\u00e9t\u00e9 des Nations. Le jour avant la mort de Hindenburg en ao\u00fbt 1934, le cabinet adopta une loi abolissant la pr\u00e9sidence et combinant ses pouvoirs avec ceux du Chancelier, faisant d&rsquo;Hitler \u00e0 la fois Chef de l&rsquo;\u00c9tat et du Gouvernement ainsi que Commandant en Chef des forces arm\u00e9es.<\/p>\n\n\n<div class=\"wp-block-image\">\n<figure class=\"aligncenter size-full\"><img loading=\"lazy\" decoding=\"async\" width=\"600\" height=\"417\" src=\"https:\/\/www.factnest.net\/fr\/wp-content\/uploads\/2024\/08\/image-269.png\" alt=\"Adolf Hitler : Le Leader Controvers\u00e9 Qui a Chang\u00e9 le Cours de l\u2019Histoire\" class=\"wp-image-4511\" srcset=\"https:\/\/www.factnest.net\/fr\/wp-content\/uploads\/2024\/08\/image-269.png 600w, https:\/\/www.factnest.net\/fr\/wp-content\/uploads\/2024\/08\/image-269-300x209.png 300w\" sizes=\"auto, (max-width: 600px) 100vw, 600px\" \/><figcaption class=\"wp-element-caption\">Le pr\u00e9sident Paul von Hindenburg lors de la c\u00e9r\u00e9monie d&rsquo;inauguration de Hitler en tant que chancelier de l&rsquo;Allemagne<\/figcaption><\/figure>\n<\/div>\n\n\n<p><strong>Politiques Anti-Juives<\/strong><\/p>\n\n\n\n<p>De 1933 jusqu&rsquo;au d\u00e9but de la guerre en 1939, Hitler et le r\u00e9gime nazi promulgu\u00e8rent des centaines de lois et de r\u00e8glements pour restreindre et exclure les Juifs de la soci\u00e9t\u00e9, r\u00e9alisant ainsi la promesse des nazis de pers\u00e9cution. Le 1er avril 1933, Hitler imposa un boycott national des entreprises juives, suivi une semaine plus tard par la \u00ab\u00a0Loi pour la restauration du service civil professionnel\u00a0\u00bb, qui excluait les Juifs du service civil, mettant en \u0153uvre des id\u00e9es aryennes qui appelaient \u00e0 leur exclusion ainsi que des non-Aryens des organisations et des emplois. Cela s&rsquo;\u00e9tendait \u00e0 tous les aspects de la vie publique, limitant le nombre d&rsquo;\u00e9l\u00e8ves juifs dans les \u00e9coles et universit\u00e9s, restreignant leur travail dans les professions m\u00e9dicales et juridiques, et interdisant aux artistes juifs de se produire au cin\u00e9ma ou au th\u00e9\u00e2tre. Le bureau principal du Reich pour la Presse et la Propagande exhortait les \u00e9tudiants allemands \u00e0 \u00ab\u00a0agir contre l&rsquo;esprit anti-allemand\u00a0\u00bb, les incitant \u00e0 br\u00fbler plus de 25 000 livres \u00ab\u00a0anti-allemands\u00a0\u00bb, marquant le d\u00e9but d&rsquo;une nouvelle \u00e8re de censure et de propagande nazie.<\/p>\n\n\n<div class=\"wp-block-image\">\n<figure class=\"aligncenter size-full\"><img loading=\"lazy\" decoding=\"async\" width=\"600\" height=\"414\" src=\"https:\/\/www.factnest.net\/fr\/wp-content\/uploads\/2024\/08\/image-270.png\" alt=\"Adolf Hitler : Le Leader Controvers\u00e9 Qui a Chang\u00e9 le Cours de l\u2019Histoire\" class=\"wp-image-4512\" srcset=\"https:\/\/www.factnest.net\/fr\/wp-content\/uploads\/2024\/08\/image-270.png 600w, https:\/\/www.factnest.net\/fr\/wp-content\/uploads\/2024\/08\/image-270-300x207.png 300w\" sizes=\"auto, (max-width: 600px) 100vw, 600px\" \/><\/figure>\n<\/div>\n\n\n<p>Le 15 septembre 1935, le Reichstag introduisit les lois de Nuremberg, qui d\u00e9finissaient un Juif comme toute personne ayant trois ou quatre grands-parents juifs, ind\u00e9pendamment de l&rsquo;auto-identification ou de la religion. Les lois comprenaient \u00e9galement la \u00ab\u00a0Protection du Sang et de l&rsquo;Honneur Allemand\u00a0\u00bb, qui interdisait les mariages entre Allemands non-juifs et Juifs, et la Loi sur la citoyennet\u00e9 du Reich, qui privait les non-Aryens des b\u00e9n\u00e9fices de la citoyennet\u00e9 allemande. En 1936, Hitler et son r\u00e9gime adoucirent leur rh\u00e9torique incendiaire et leurs actions racistes tout en accueillant les Jeux Olympiques d&rsquo;hiver et d&rsquo;\u00e9t\u00e9 pour \u00e9viter les critiques internationales et les impacts n\u00e9gatifs sur le tourisme. Apr\u00e8s les Jeux, la rh\u00e9torique raciste reprit, incluant l&rsquo;expulsion des travailleurs juifs, l&rsquo;exclusion des \u00e9coles publiques, des universit\u00e9s, des th\u00e9\u00e2tres et des \u00e9v\u00e9nements sportifs, et une interdiction pour les m\u00e9decins juifs de traiter les patients \u00ab\u00a0aryens\u00a0\u00bb. Les passeports juifs furent estampill\u00e9s d&rsquo;un \u00ab\u00a0J\u00a0\u00bb pour \u00ab\u00a0Juif\u00a0\u00bb.<\/p>\n\n\n\n<p>Le 9-10 novembre 1938, une vague de violence contre les Juifs balaya l&rsquo;Allemagne, l&rsquo;Autriche et certaines parties des Sud\u00e8tes. Les nazis d\u00e9truisirent des synagogues, vandalis\u00e8rent des maisons, des \u00e9coles et des entreprises, tuant environ 100 Juifs. L&rsquo;\u00e9v\u00e9nement, connu sous le nom de Kristallnacht ou \u00ab\u00a0La Nuit de Cristal\u00a0\u00bb, laissa derri\u00e8re lui des vitres bris\u00e9es et une terreur g\u00e9n\u00e9ralis\u00e9e. Cette nuit-l\u00e0, environ 30 000 Juifs furent arr\u00eat\u00e9s et envoy\u00e9s dans des camps de concentration pour leur s\u00e9curit\u00e9.<\/p>\n\n\n\n<p><strong>Expansion et Conflit Mondial<\/strong><\/p>\n\n\n\n<p>En 1939, les tensions mont\u00e8rent entre l&rsquo;Allemagne et ses voisins europ\u00e9ens, culminant avec l&rsquo;invasion de la Pologne le 1er septembre, suivie par la d\u00e9claration de guerre par la France et le Royaume-Uni le 3 septembre. L&rsquo;Allemagne envahit la Pologne avec des forces massives et une strat\u00e9gie de guerre \u00e9clair, capturant Varsovie en octobre et divisant le pays avec l&rsquo;Union sovi\u00e9tique conform\u00e9ment au pacte germano-sovi\u00e9tique sign\u00e9 en ao\u00fbt. En 1940, l&rsquo;Allemagne \u00e9tendit ses op\u00e9rations militaires en Europe occidentale, envahissant le Danemark, la Norv\u00e8ge, les Pays-Bas, la Belgique et la France, tandis que l&rsquo;Italie, dirig\u00e9e par Benito Mussolini, se joignit \u00e0 la guerre aux c\u00f4t\u00e9s de l&rsquo;Allemagne.<\/p>\n\n\n<div class=\"wp-block-image\">\n<figure class=\"aligncenter size-full\"><img loading=\"lazy\" decoding=\"async\" width=\"600\" height=\"373\" src=\"https:\/\/www.factnest.net\/fr\/wp-content\/uploads\/2024\/08\/image-271.png\" alt=\"Adolf Hitler : Le Leader Controvers\u00e9 Qui a Chang\u00e9 le Cours de l\u2019Histoire\" class=\"wp-image-4513\" srcset=\"https:\/\/www.factnest.net\/fr\/wp-content\/uploads\/2024\/08\/image-271.png 600w, https:\/\/www.factnest.net\/fr\/wp-content\/uploads\/2024\/08\/image-271-300x187.png 300w\" sizes=\"auto, (max-width: 600px) 100vw, 600px\" \/><\/figure>\n<\/div>\n\n\n<p>Les premiers succ\u00e8s militaires allemands furent suivis par une guerre prolong\u00e9e, notamment avec les batailles a\u00e9riennes de la bataille d&rsquo;Angleterre et la campagne en Afrique du Nord, o\u00f9 les Alli\u00e9s, dirig\u00e9s par les forces britanniques sous le commandement de Bernard Montgomery, ont d\u00e9fait les troupes allemandes dirig\u00e9es par Erwin Rommel \u00e0 El Alamein, la plus grande bataille de chars de l&rsquo;histoire. En 1943, les forces allemandes furent chass\u00e9es de Tunisie et d&rsquo;Italie, et leur avanc\u00e9e en territoire sovi\u00e9tique fut arr\u00eat\u00e9e. En mai 1944, les forces alli\u00e9es d\u00e9barqu\u00e8rent en Normandie, en France, et la pouss\u00e9e subs\u00e9quente dans l&rsquo;Europe occup\u00e9e par les Allemands commen\u00e7a. Les forces de Hitler affront\u00e8rent des attaques sovi\u00e9tiques intensifi\u00e9es sur le Front de l&rsquo;Est, les troupes sovi\u00e9tiques atteignant Berlin en avril 1945. Hitler et Eva Braun, sa compagne de longue date, se mari\u00e8rent le 29 avril 1945 et se suicid\u00e8rent le lendemain dans leur bunker.<\/p>\n\n\n\n<p><strong>H\u00e9ritage<\/strong><\/p>\n\n\n\n<p>L&rsquo;Holocauste, au cours duquel environ six millions de Juifs furent extermin\u00e9s, reste l&rsquo;une des cons\u00e9quences les plus horrifiques de la politique nazie. La guerre a caus\u00e9 une destruction sans pr\u00e9c\u00e9dent et conduit \u00e0 la mort de millions de civils et de soldats. En plus des victimes juives, les politiques nazies ciblaient les Roms, les personnes handicap\u00e9es, les homosexuels, les dissidents politiques et d&rsquo;autres minorit\u00e9s. Les politiques expansionnistes de Hitler ont entra\u00een\u00e9 une souffrance humaine immense et un bouleversement g\u00e9opolitique, influen\u00e7ant significativement l&rsquo;ordre mondial d&rsquo;apr\u00e8s-guerre et conduisant \u00e0 la formation des Nations Unies.<\/p>\n","protected":false},"excerpt":{"rendered":"<p>Adolf Hitler reste l&rsquo;une des figures les plus significatives de l&rsquo;histoire, ayant profond\u00e9ment modifi\u00e9 le&#8230;<\/p>\n","protected":false},"author":1,"featured_media":4514,"comment_status":"open","ping_status":"open","sticky":false,"template":"","format":"standard","meta":{"_daextam_enable_autolinks":"","ngg_post_thumbnail":0,"footnotes":""},"categories":[20],"tags":[],"class_list":["post-4506","post","type-post","status-publish","format-standard","has-post-thumbnail","hentry","category-profil"],"_links":{"self":[{"href":"https:\/\/www.factnest.net\/fr\/wp-json\/wp\/v2\/posts\/4506","targetHints":{"allow":["GET"]}}],"collection":[{"href":"https:\/\/www.factnest.net\/fr\/wp-json\/wp\/v2\/posts"}],"about":[{"href":"https:\/\/www.factnest.net\/fr\/wp-json\/wp\/v2\/types\/post"}],"author":[{"embeddable":true,"href":"https:\/\/www.factnest.net\/fr\/wp-json\/wp\/v2\/users\/1"}],"replies":[{"embeddable":true,"href":"https:\/\/www.factnest.net\/fr\/wp-json\/wp\/v2\/comments?post=4506"}],"version-history":[{"count":1,"href":"https:\/\/www.factnest.net\/fr\/wp-json\/wp\/v2\/posts\/4506\/revisions"}],"predecessor-version":[{"id":4515,"href":"https:\/\/www.factnest.net\/fr\/wp-json\/wp\/v2\/posts\/4506\/revisions\/4515"}],"wp:featuredmedia":[{"embeddable":true,"href":"https:\/\/www.factnest.net\/fr\/wp-json\/wp\/v2\/media\/4514"}],"wp:attachment":[{"href":"https:\/\/www.factnest.net\/fr\/wp-json\/wp\/v2\/media?parent=4506"}],"wp:term":[{"taxonomy":"category","embeddable":true,"href":"https:\/\/www.factnest.net\/fr\/wp-json\/wp\/v2\/categories?post=4506"},{"taxonomy":"post_tag","embeddable":true,"href":"https:\/\/www.factnest.net\/fr\/wp-json\/wp\/v2\/tags?post=4506"}],"curies":[{"name":"wp","href":"https:\/\/api.w.org\/{rel}","templated":true}]}}