{"id":7221,"date":"2024-09-04T17:28:55","date_gmt":"2024-09-04T16:28:55","guid":{"rendered":"https:\/\/www.factnest.net\/fr\/?p=7221"},"modified":"2024-09-04T17:28:58","modified_gmt":"2024-09-04T16:28:58","slug":"la-photo-iconique-de-che-guevara-une-histoire-de-celebrite-inattendue-et-de-bataille-juridique","status":"publish","type":"post","link":"https:\/\/www.factnest.net\/fr\/la-photo-iconique-de-che-guevara-une-histoire-de-celebrite-inattendue-et-de-bataille-juridique\/","title":{"rendered":"La Photo Iconique de Che Guevara : Une Histoire de C\u00e9l\u00e9brit\u00e9 Inattendue et de Bataille Juridique"},"content":{"rendered":"\n<p><strong>Date : <\/strong>5 mars 1960<\/p>\n\n\n\n<p><strong>Photographe : <\/strong>Alberto Korda \u2013 Photographe pour le journal cubain \u00ab La Revoluci\u00f3n \u00bb<\/p>\n\n\n\n<p><strong>D\u00e9tails :<\/strong> Le contexte de la photo c\u00e9l\u00e8bre remonte au 4 mars 1960, lorsque le cargo fran\u00e7ais \u00ab La Coubre \u00bb explosa dans le port de La Havane, tuant jusqu&rsquo;\u00e0 100 personnes et en blessant des centaines d&rsquo;autres. Le lendemain, un grand \u00e9v\u00e9nement comm\u00e9moratif et une manifestation se tenaient au cimeti\u00e8re de Col\u00f3n \u00e0 La Havane pour rendre hommage aux victimes. Apr\u00e8s le cort\u00e8ge fun\u00e9raire, le leader cubain Fidel Castro pronon\u00e7a un discours enflamm\u00e9, accusant explicitement les \u00c9tats-Unis d&rsquo;\u00eatre responsables de l&rsquo;incident. Pendant ce temps, Ernesto \u00ab Che \u00bb Guevara, alors ministre des Industries dans le nouveau gouvernement, apparut bri\u00e8vement parmi la foule pr\u00e8s du podium de Castro. Le photographe Alberto Korda, pr\u00e9sent pour couvrir l&rsquo;\u00e9v\u00e9nement, prit deux photos de Guevara, capturant son visage r\u00e9solu et ses cheveux flottants sous son b\u00e9ret. Ces instants brefs suffirent \u00e0 Korda pour prendre les clich\u00e9s avant que Guevara ne disparaisse de nouveau de la vue.<\/p>\n\n\n<div class=\"wp-block-image\">\n<figure class=\"aligncenter size-full\"><img loading=\"lazy\" decoding=\"async\" width=\"600\" height=\"768\" src=\"https:\/\/www.factnest.net\/fr\/wp-content\/uploads\/2024\/09\/image-669.png\" alt=\"\" class=\"wp-image-7223\" srcset=\"https:\/\/www.factnest.net\/fr\/wp-content\/uploads\/2024\/09\/image-669.png 600w, https:\/\/www.factnest.net\/fr\/wp-content\/uploads\/2024\/09\/image-669-234x300.png 234w\" sizes=\"auto, (max-width: 600px) 100vw, 600px\" \/><figcaption class=\"wp-element-caption\">La Photo Iconique de Che Guevara<\/figcaption><\/figure>\n<\/div>\n\n\n<p>Malgr\u00e9 le refus du journal de publier la photo et sa pr\u00e9f\u00e9rence pour d&rsquo;autres images de Castro et des intellectuels pr\u00e9sents comme Sartre et Beauvoir, Korda, avec son exp\u00e9rience en photographie de mode, fut attir\u00e9 par l&rsquo;une des photos de Guevara. Il trouva celle-ci significative et la monta en portrait.<\/p>\n\n\n\n<p>Pendant des ann\u00e9es, l&rsquo;image iconique demeura le favori personnel de Korda, qu&rsquo;il nomma \u00ab Guerrillero Heroico \u00bb et accroch\u00e9e au mur de son appartement. Parfois, il en distribuait des copies \u00e0 ses invit\u00e9s jusqu&rsquo;en 1967. La v\u00e9ritable notori\u00e9t\u00e9 de la photo commen\u00e7a lorsqu&rsquo;elle fut publi\u00e9e pour la premi\u00e8re fois dans le magazine fran\u00e7ais \u00ab Paris Match \u00bb aux c\u00f4t\u00e9s d&rsquo;un article sur la guerre de gu\u00e9rilla en Am\u00e9rique latine. Apr\u00e8s la mort de Guevara en octobre de la m\u00eame ann\u00e9e, une grande version de la photo fut affich\u00e9e au Minist\u00e8re de l&rsquo;Int\u00e9rieur \u00e0 La Havane lors d&rsquo;une c\u00e9r\u00e9monie comm\u00e9morative, \u00e9tablissant Guevara comme un martyr de la r\u00e9volution mondiale et un symbole de la r\u00e9bellion. L&rsquo;ann\u00e9e suivante, la photo acquit une reconnaissance internationale, apparaissant sur la couverture des m\u00e9moires de Guevara publi\u00e9es en Italie et comme couverture d&rsquo;un magazine litt\u00e9raire \u00e0 New York. Elle fut \u00e9galement pr\u00e9sent\u00e9e lors des \u00e9meutes en France et en Italie. Au-del\u00e0 de son utilisation dans les manifestations, l&rsquo;image fut imprim\u00e9e sur des T-shirts, des affiches, et m\u00eame exploit\u00e9e dans des publicit\u00e9s commerciales ainsi que dans certaines \u0153uvres artistiques et musicales.<\/p>\n\n\n\n<p>Korda relata le moment o\u00f9 il prit la photo, disant qu&rsquo;il se trouvait au pied de la plateforme d\u00e9cor\u00e9e, concentr\u00e9 sur Fidel Castro et la foule environnante, lorsque Che Guevara apparut soudainement au-dessus de lui. Surpris par le regard intense de Guevara, Korda captura deux prises de lui, une horizontale et une verticale, sans le temps pour une troisi\u00e8me. Guevara retourna ensuite \u00e0 la seconde rang\u00e9e, et tout cela se produisit en environ trente secondes. Korda \u00e9tait attir\u00e9 par l&rsquo;expression de Guevara, qui montrait une d\u00e9fiance absolue, de la col\u00e8re et de la douleur. Il se souvient du jour o\u00f9 il prit la photo comme si c&rsquo;\u00e9tait aujourd&rsquo;hui et reste \u00e9tonn\u00e9 par son impact.<\/p>\n\n\n<div class=\"wp-block-image\">\n<figure class=\"aligncenter size-full\"><img loading=\"lazy\" decoding=\"async\" width=\"600\" height=\"328\" src=\"https:\/\/www.factnest.net\/fr\/wp-content\/uploads\/2024\/09\/image-671.png\" alt=\"\" class=\"wp-image-7225\" srcset=\"https:\/\/www.factnest.net\/fr\/wp-content\/uploads\/2024\/09\/image-671.png 600w, https:\/\/www.factnest.net\/fr\/wp-content\/uploads\/2024\/09\/image-671-300x164.png 300w\" sizes=\"auto, (max-width: 600px) 100vw, 600px\" \/><figcaption class=\"wp-element-caption\">Les Photos Horizontales et Verticales Prises par le Photographe<\/figcaption><\/figure>\n<\/div>\n\n\n<p>Pendant des d\u00e9cennies, Korda ne gagna pas un centime de la distribution massive de sa photo c\u00e9l\u00e8bre. Cependant, il d\u00e9posa plusieurs plaintes juridiques pour affirmer sa propri\u00e9t\u00e9 de l&rsquo;image, r\u00e9ussissant \u00e0 interdire son utilisation dans les publicit\u00e9s pour des boissons alcoolis\u00e9es, arguant que cela \u00e9tait une insulte \u00e0 l&rsquo;h\u00e9ritage de la gu\u00e9rilla h\u00e9ro\u00efque. Il pr\u00e9tendit que ni lui ni son sujet ne consommaient d&rsquo;alcool. Il re\u00e7ut 50 000 dollars en dommages-int\u00e9r\u00eats, qu&rsquo;il donna \u00e0 l&rsquo;\u00c9tat cubain pour acheter des m\u00e9dicaments pour les enfants sur le march\u00e9 international.<\/p>\n","protected":false},"excerpt":{"rendered":"<p>Date : 5 mars 1960 Photographe : Alberto Korda \u2013 Photographe pour le journal cubain&#8230;<\/p>\n","protected":false},"author":1,"featured_media":7226,"comment_status":"open","ping_status":"open","sticky":false,"template":"","format":"standard","meta":{"_daextam_enable_autolinks":"1","ngg_post_thumbnail":0,"footnotes":""},"categories":[10],"tags":[],"class_list":["post-7221","post","type-post","status-publish","format-standard","has-post-thumbnail","hentry","category-image-avec-une-histoire"],"_links":{"self":[{"href":"https:\/\/www.factnest.net\/fr\/wp-json\/wp\/v2\/posts\/7221","targetHints":{"allow":["GET"]}}],"collection":[{"href":"https:\/\/www.factnest.net\/fr\/wp-json\/wp\/v2\/posts"}],"about":[{"href":"https:\/\/www.factnest.net\/fr\/wp-json\/wp\/v2\/types\/post"}],"author":[{"embeddable":true,"href":"https:\/\/www.factnest.net\/fr\/wp-json\/wp\/v2\/users\/1"}],"replies":[{"embeddable":true,"href":"https:\/\/www.factnest.net\/fr\/wp-json\/wp\/v2\/comments?post=7221"}],"version-history":[{"count":1,"href":"https:\/\/www.factnest.net\/fr\/wp-json\/wp\/v2\/posts\/7221\/revisions"}],"predecessor-version":[{"id":7227,"href":"https:\/\/www.factnest.net\/fr\/wp-json\/wp\/v2\/posts\/7221\/revisions\/7227"}],"wp:featuredmedia":[{"embeddable":true,"href":"https:\/\/www.factnest.net\/fr\/wp-json\/wp\/v2\/media\/7226"}],"wp:attachment":[{"href":"https:\/\/www.factnest.net\/fr\/wp-json\/wp\/v2\/media?parent=7221"}],"wp:term":[{"taxonomy":"category","embeddable":true,"href":"https:\/\/www.factnest.net\/fr\/wp-json\/wp\/v2\/categories?post=7221"},{"taxonomy":"post_tag","embeddable":true,"href":"https:\/\/www.factnest.net\/fr\/wp-json\/wp\/v2\/tags?post=7221"}],"curies":[{"name":"wp","href":"https:\/\/api.w.org\/{rel}","templated":true}]}}