{"id":7466,"date":"2024-09-06T11:50:39","date_gmt":"2024-09-06T10:50:39","guid":{"rendered":"https:\/\/www.factnest.net\/fr\/?p=7466"},"modified":"2024-09-06T11:50:41","modified_gmt":"2024-09-06T10:50:41","slug":"la-mort-tragique-du-matador-victor-barrio-et-son-impact-sur-la-corrida-en-espagne","status":"publish","type":"post","link":"https:\/\/www.factnest.net\/fr\/la-mort-tragique-du-matador-victor-barrio-et-son-impact-sur-la-corrida-en-espagne\/","title":{"rendered":"La mort tragique du matador V\u00edctor Barrio et son impact sur la corrida en Espagne"},"content":{"rendered":"\n<p><strong>Le 9 juillet 2016, l&rsquo;Espagne a \u00e9t\u00e9 le t\u00e9moin d&rsquo;un incident tragique diffus\u00e9 en direct \u00e0 la t\u00e9l\u00e9vision : le c\u00e9l\u00e8bre matador V\u00edctor Barrio est d\u00e9c\u00e9d\u00e9 dans un accident horrifique lors d&rsquo;une corrida avec un taureau nomm\u00e9 Lorenzo au festival Feria del \u00c1ngel \u00e0 Teruel, capitale de la r\u00e9gion d&rsquo;Aragon. Sa femme, son p\u00e8re, sa s\u0153ur et ses grands-parents ont assist\u00e9, horrifi\u00e9s, \u00e0 sa chute dans l&rsquo;ar\u00e8ne. Bien que ce ne f\u00fbt pas la premi\u00e8re fois qu&rsquo;un matador mourait dans l&rsquo;ar\u00e8ne\u2014deux autres toreros, Manolo Montoliu et Ram\u00f3n Soto Vargas, avaient pr\u00e9c\u00e9demment perdu la vie dans des incidents s\u00e9par\u00e9s\u2014la mort de V\u00edctor Barrio est devenue un moment crucial pour les organisations de d\u00e9fense des animaux, provoquant des appels \u00e0 mettre fin \u00e0 ce sport brutal et incitant de nombreux Espagnols \u00e0 reconsid\u00e9rer cette tradition sanglante.<\/strong><\/p>\n\n\n<div class=\"wp-block-image\">\n<figure class=\"aligncenter size-full\"><img loading=\"lazy\" decoding=\"async\" width=\"600\" height=\"315\" src=\"https:\/\/www.factnest.net\/fr\/wp-content\/uploads\/2024\/09\/image-835.png\" alt=\"La mort tragique du matador V\u00edctor Barrio et son impact sur la corrida en Espagne\" class=\"wp-image-7468\" srcset=\"https:\/\/www.factnest.net\/fr\/wp-content\/uploads\/2024\/09\/image-835.png 600w, https:\/\/www.factnest.net\/fr\/wp-content\/uploads\/2024\/09\/image-835-300x158.png 300w\" sizes=\"auto, (max-width: 600px) 100vw, 600px\" \/><figcaption class=\"wp-element-caption\">Les Derni\u00e8res Moments Avant la Mort du Matador Espagnol V\u00edctor Barrio<\/figcaption><\/figure>\n<\/div>\n\n\n<p>V\u00edctor Barrio est n\u00e9 le 29 mai 1987 \u00e0 Segovia, en Espagne. Peu de choses sont connues sur sa vie pr\u00e9coce, \u00e0 l&rsquo;exception du fait qu&rsquo;il \u00e9tait collectionneur de balles de golf avant de devenir torero. Sa fascination pour la corrida est n\u00e9e de son int\u00e9r\u00eat pour ses racines historiques remontant \u00e0 la Gr\u00e8ce antique, bien que le sport ait \u00e9t\u00e9 modifi\u00e9 par les Espagnols pour inclure des \u00e9l\u00e9ments des styles de combat ib\u00e9riques, gothiques et nord-africains. La corrida espagnole moderne a commenc\u00e9 \u00e0 se dessiner en 1726, gr\u00e2ce \u00e0 Francisco Romero, qui a introduit l&rsquo;\u00e9p\u00e9e et le capote, d\u00e9sormais embl\u00e9matiques de la corrida. Barrio est entr\u00e9 pour la premi\u00e8re fois dans l&rsquo;ar\u00e8ne le 13 juillet 2008 \u00e0 Las Ventas de Ritanosa \u00e0 Tol\u00e8de, o\u00f9 il est ressorti victorieux apr\u00e8s avoir coup\u00e9 les oreilles et la queue de son taureau.<\/p>\n\n\n<div class=\"wp-block-image\">\n<figure class=\"aligncenter size-full\"><img loading=\"lazy\" decoding=\"async\" width=\"600\" height=\"369\" src=\"https:\/\/www.factnest.net\/fr\/wp-content\/uploads\/2024\/09\/image-837.png\" alt=\"La mort tragique du matador V\u00edctor Barrio et son impact sur la corrida en Espagne\" class=\"wp-image-7470\" srcset=\"https:\/\/www.factnest.net\/fr\/wp-content\/uploads\/2024\/09\/image-837.png 600w, https:\/\/www.factnest.net\/fr\/wp-content\/uploads\/2024\/09\/image-837-300x185.png 300w\" sizes=\"auto, (max-width: 600px) 100vw, 600px\" \/><figcaption class=\"wp-element-caption\">V\u00edctor Barrio<\/figcaption><\/figure>\n<\/div>\n\n\n<p>Au fur et \u00e0 mesure que la carri\u00e8re de Barrio progressait, il re\u00e7ut de nombreux prix prestigieux et devint une figure c\u00e9l\u00e8bre du sport. Lorsqu&rsquo;il est entr\u00e9 dans l&rsquo;ar\u00e8ne pour la derni\u00e8re fois \u00e0 la Feria del \u00c1ngel, on s&rsquo;attendait \u00e0 ce qu&rsquo;il ajoute une victoire de plus \u00e0 son palmar\u00e8s croissant. Cependant, cette attente fut bris\u00e9e lorsque Lorenzo, un taureau pesant plus d&rsquo;une tonne, chargea Barrio peu apr\u00e8s avoir \u00e9t\u00e9 rel\u00e2ch\u00e9 dans l&rsquo;ar\u00e8ne. Le taureau enfon\u00e7a ses cornes dans le torero, causant de graves blessures \u00e0 ses poumons et finissant par percer son aorte et endommager son c\u0153ur. Pendant ces moments tragiques, la femme de Barrio, la journaliste Raquel Sanz, qu&rsquo;il avait \u00e9pous\u00e9e en 2014, regardait avec terreur son p\u00e8re Juan, sa s\u0153ur et ses grands-parents. Le reste de l&rsquo;Espagne a \u00e9galement assist\u00e9 \u00e0 l&rsquo;incident en direct \u00e0 la t\u00e9l\u00e9vision.<\/p>\n\n\n<div class=\"wp-block-image\">\n<figure class=\"aligncenter size-full\"><img loading=\"lazy\" decoding=\"async\" width=\"600\" height=\"385\" src=\"https:\/\/www.factnest.net\/fr\/wp-content\/uploads\/2024\/09\/image-839.png\" alt=\"La mort tragique du matador V\u00edctor Barrio et son impact sur la corrida en Espagne\" class=\"wp-image-7472\" srcset=\"https:\/\/www.factnest.net\/fr\/wp-content\/uploads\/2024\/09\/image-839.png 600w, https:\/\/www.factnest.net\/fr\/wp-content\/uploads\/2024\/09\/image-839-300x193.png 300w\" sizes=\"auto, (max-width: 600px) 100vw, 600px\" \/><figcaption class=\"wp-element-caption\">V\u00edctor Barrio et sa Femme Raquel Sanz<\/figcaption><\/figure>\n<\/div>\n\n\n<p>Barrio fut rapidement \u00e9vacu\u00e9 de l&rsquo;ar\u00e8ne et transport\u00e9 \u00e0 l&rsquo;h\u00f4pital, mais les m\u00e9decins ne purent rien faire pour sauver sa vie car les blessures caus\u00e9es par Lorenzo \u00e9taient trop graves. Il fut d\u00e9clar\u00e9 mort peu de temps apr\u00e8s son arriv\u00e9e \u00e0 l&rsquo;h\u00f4pital, devenant le premier matador \u00e0 mourir dans l&rsquo;ar\u00e8ne au XXIe si\u00e8cle. Le Premier ministre espagnol de l&rsquo;\u00e9poque, Mariano Rajoy, exprima ses condol\u00e9ances sur Twitter. Comme il est d&rsquo;usage, le taureau Lorenzo fut tu\u00e9 imm\u00e9diatement apr\u00e8s avoir caus\u00e9 la mort de Barrio. Il y eut des appels \u00e0 tuer \u00e9galement Lorenza, la m\u00e8re de Lorenzo, ce qui conduisit \u00e0 des manifestations de la part des d\u00e9fenseurs des droits des animaux dans le monde entier, consid\u00e9rant cet acte comme cruel envers Lorenza, qui n&rsquo;avait commis aucun tort. D&rsquo;autres affirmaient que le matador m\u00e9ritait son sort en raison de ses actions dans l&rsquo;ar\u00e8ne. Un hashtag, #SaveLorenza, fut lanc\u00e9 sur Twitter jusqu&rsquo;\u00e0 ce qu&rsquo;un journaliste espagnol r\u00e9v\u00e8le que Lorenza \u00e9tait morte de vieillesse quelques jours apr\u00e8s la mort de son fils.<\/p>\n\n\n\n<p>La catastrophe de la mort de V\u00edctor Barrio a jet\u00e9 une ombre sur l&rsquo;Espagne et a conduit certains \u00e0 se demander si la tradition devait \u00eatre abandonn\u00e9e. Cependant, \u00e0 l&rsquo;heure actuelle, la corrida reste l\u00e9gale dans la plupart des r\u00e9gions d&rsquo;Espagne. Pourtant, gr\u00e2ce aux efforts des organisations de d\u00e9fense des animaux espagnoles et \u00e0 une prise de conscience croissante concernant le sort des taureaux lors des corridas, la popularit\u00e9 du sport a consid\u00e9rablement diminu\u00e9. Un sondage r\u00e9alis\u00e9 en 2015 a r\u00e9v\u00e9l\u00e9 que seulement 19 % des Espagnols \u00e2g\u00e9s de 16 \u00e0 65 ans soutiennent la corrida, y compris ceux qui sont align\u00e9s avec l&rsquo;extr\u00eame droite comme un aspect culturel du nationalisme espagnol. Les efforts visant \u00e0 r\u00e9duire ou \u00e0 interdire la pratique sont souvent rejet\u00e9s comme anti-nationalistes par les lib\u00e9raux.<\/p>\n\n\n<div class=\"wp-block-image\">\n<figure class=\"aligncenter size-full\"><img loading=\"lazy\" decoding=\"async\" width=\"600\" height=\"370\" src=\"https:\/\/www.factnest.net\/fr\/wp-content\/uploads\/2024\/09\/image-841.png\" alt=\"La mort tragique du matador V\u00edctor Barrio et son impact sur la corrida en Espagne\" class=\"wp-image-7474\" srcset=\"https:\/\/www.factnest.net\/fr\/wp-content\/uploads\/2024\/09\/image-841.png 600w, https:\/\/www.factnest.net\/fr\/wp-content\/uploads\/2024\/09\/image-841-300x185.png 300w\" sizes=\"auto, (max-width: 600px) 100vw, 600px\" \/><figcaption class=\"wp-element-caption\">Tentative de Contr\u00f4ler le Taureau Lorenzo Apr\u00e8s Avoir Tu\u00e9 le Matador V\u00edctor Barrio<\/figcaption><\/figure>\n<\/div>\n\n\n<p>Ind\u00e9pendamment des politiques de la corrida, la mort du matador V\u00edctor Barrio est largement responsable du d\u00e9clin de la pratique chez la majorit\u00e9 des Espagnols ces derni\u00e8res d\u00e9cennies. Le d\u00e9clin a \u00e9t\u00e9 accentu\u00e9 par la pand\u00e9mie de COVID-19, qui a entra\u00een\u00e9 l&rsquo;annulation de la saison de corrida 2020, provoquant des pertes de plus de 800 millions de dollars. Lorsque l&rsquo;industrie a pr\u00e9sent\u00e9 une demande d&rsquo;aide au gouvernement espagnol pour compenser ces pertes, cela a suscit\u00e9 une vive indignation parmi les Espagnols, qui ont estim\u00e9 qu&rsquo;il \u00e9tait injuste que le gouvernement sauve une industrie qui maltraite les animaux, alors que la majorit\u00e9 des Espagnols luttent pour survivre. En 2021, avec environ 52 % des Espagnols estimant que la corrida devrait \u00eatre interdite ou perdre son financement public, et avec de nombreuses provinces espagnoles orientales ayant interdit le sport, la corrida en Espagne est en p\u00e9ril, avec des pr\u00e9visions selon lesquelles elle pourrait devenir un vestige historique dans les ann\u00e9es \u00e0 venir.<\/p>\n","protected":false},"excerpt":{"rendered":"<p>Le 9 juillet 2016, l&rsquo;Espagne a \u00e9t\u00e9 le t\u00e9moin d&rsquo;un incident tragique diffus\u00e9 en direct&#8230;<\/p>\n","protected":false},"author":1,"featured_media":7475,"comment_status":"open","ping_status":"open","sticky":false,"template":"","format":"standard","meta":{"_daextam_enable_autolinks":"1","ngg_post_thumbnail":0,"footnotes":""},"categories":[15,54],"tags":[],"class_list":["post-7466","post","type-post","status-publish","format-standard","has-post-thumbnail","hentry","category-celebrites-du-sport","category-sports"],"_links":{"self":[{"href":"https:\/\/www.factnest.net\/fr\/wp-json\/wp\/v2\/posts\/7466","targetHints":{"allow":["GET"]}}],"collection":[{"href":"https:\/\/www.factnest.net\/fr\/wp-json\/wp\/v2\/posts"}],"about":[{"href":"https:\/\/www.factnest.net\/fr\/wp-json\/wp\/v2\/types\/post"}],"author":[{"embeddable":true,"href":"https:\/\/www.factnest.net\/fr\/wp-json\/wp\/v2\/users\/1"}],"replies":[{"embeddable":true,"href":"https:\/\/www.factnest.net\/fr\/wp-json\/wp\/v2\/comments?post=7466"}],"version-history":[{"count":1,"href":"https:\/\/www.factnest.net\/fr\/wp-json\/wp\/v2\/posts\/7466\/revisions"}],"predecessor-version":[{"id":7476,"href":"https:\/\/www.factnest.net\/fr\/wp-json\/wp\/v2\/posts\/7466\/revisions\/7476"}],"wp:featuredmedia":[{"embeddable":true,"href":"https:\/\/www.factnest.net\/fr\/wp-json\/wp\/v2\/media\/7475"}],"wp:attachment":[{"href":"https:\/\/www.factnest.net\/fr\/wp-json\/wp\/v2\/media?parent=7466"}],"wp:term":[{"taxonomy":"category","embeddable":true,"href":"https:\/\/www.factnest.net\/fr\/wp-json\/wp\/v2\/categories?post=7466"},{"taxonomy":"post_tag","embeddable":true,"href":"https:\/\/www.factnest.net\/fr\/wp-json\/wp\/v2\/tags?post=7466"}],"curies":[{"name":"wp","href":"https:\/\/api.w.org\/{rel}","templated":true}]}}